{"id":1208,"date":"2025-12-16T21:03:57","date_gmt":"2025-12-16T21:03:57","guid":{"rendered":"https:\/\/www.metapa.it\/?p=1208"},"modified":"2025-12-16T21:03:58","modified_gmt":"2025-12-16T21:03:58","slug":"comunicazione-social-incontro-meta-anci-a-reggio-calabria","status":"publish","type":"post","link":"https:\/\/www.metapa.it\/?p=1208","title":{"rendered":"COMUNICAZIONE SOCIAL, INCONTRO META-ANCI A REGGIO CALABRIA"},"content":{"rendered":"\n<p class=\"wp-block-paragraph\">Reggio Calabria, 4 dic. &#8211; Si \u00e8 svolto a Reggio Calabria un nuovo incontro del percorso formativo promosso da Anci e Meta, dedicato al ruolo della comunicazione social all&#8217;interno degli enti locali. L&#8217;iniziativa, rivolta in particolare agli uffici stampa comunali e ai comunicatori pubblici, ha registrato una partecipazione molto ampia, con oltre un centinaio di iscritti provenienti da tutto il territorio. Ad aprire i lavori \u00e8 stato il sindaco di Reggio Calabria, Giuseppe Falcomat\u00e0, che ha sottolineato come &#8220;la comunicazione istituzionale sia ormai un elemento imprescindibile dell&#8217;azione amministrativa&#8221;. &#8220;La comunicazione \u00e8 ormai sempre pi\u00f9 centrale nelle dinamiche politiche ed amministrative e nella gestione della cosa pubblica &#8211; ha aggiunto &#8211; comunicare bene non \u00e8 pi\u00f9 un aspetto accessorio per la Pubblica Amministrazione, ma \u00e8 diventato nel tempo un obiettivo fondamentale, in grado di determinare i processi e la percezione da parte dei cittadini al pari di altri servizi pubblici essenziali. Per questo abbiamo voluto fortemente questo momento formativo, destinato agli uffici stampa dei Comuni ed in generale ai comunicatori pubblici, che ha suscitato un enorme interesse sul nostro territorio con pi\u00f9 di un centinaio di partecipanti&#8221;. &#8220;Ci tengo a ringraziare Meta, con la sua dirigente Ida D&#8217;Alessandro &#8211; ha affermato Falcomat\u00e0 &#8211; per la sua straordinaria disponibilit\u00e0 e per l&#8217;efficacia della sua relazione, e tutta la struttura di Anci. \u00c8 stato per noi un confronto molto utile a capire come sono cambiati, e come continuano a cambiare, i modi e i tempi della comunicazione, che influiscono sui processi di partecipazione pubblica, sulla trasparenza, sulla percezione della comunit\u00e0 e naturalmente anche sulla stessa credibilit\u00e0 delle istituzioni territoriali&#8221;. All&#8217;incontro formativo sono intervenuti, tra gli altri, Simona Scarcella, vicepresidente vicario di Anci Calabria e sindaco di Gioia Tauro, Danilo Moriero, responsabile della comunicazione e capo Ufficio Stampa di Anci e Ida D&#8217;Alessandro, dirigente di Meta per Italia, Grecia, Malta e Cipro. L&#8217;incontro ha proseguito il percorso nazionale nato per supportare i Comuni nella crescita delle competenze digitali e nella gestione efficace dei canali social istituzionali, sempre pi\u00f9 centrali nel rapporto quotidiano con i cittadini<\/p>\n","protected":false},"excerpt":{"rendered":"<p>Reggio Calabria, 4 dic. &#8211; Si \u00e8 svolto a Reggio Calabria un nuovo incontro del percorso formativo promosso da Anci e Meta, dedicato al ruolo della comunicazione social all&#8217;interno degli enti locali. L&#8217;iniziativa, rivolta in particolare agli uffici stampa comunali e ai comunicatori pubblici, ha registrato una partecipazione molto ampia, con oltre un centinaio di &hellip;<\/p>\n","protected":false},"author":2,"featured_media":0,"comment_status":"open","ping_status":"open","sticky":false,"template":"","format":"standard","meta":{"footnotes":"","jetpack_publicize_message":"","jetpack_publicize_feature_enabled":true,"jetpack_social_post_already_shared":false,"jetpack_social_options":{"image_generator_settings":{"template":"highway","default_image_id":0,"font":"","enabled":false},"version":2}},"categories":[20,1,21],"tags":[],"class_list":["post-1208","post","type-post","status-publish","format-standard","hentry","category-tie-tech","category-uncategorized","category-tie-life-style"],"jetpack_publicize_connections":[],"_links":{"self":[{"href":"https:\/\/www.metapa.it\/index.php?rest_route=\/wp\/v2\/posts\/1208","targetHints":{"allow":["GET"]}}],"collection":[{"href":"https:\/\/www.metapa.it\/index.php?rest_route=\/wp\/v2\/posts"}],"about":[{"href":"https:\/\/www.metapa.it\/index.php?rest_route=\/wp\/v2\/types\/post"}],"author":[{"embeddable":true,"href":"https:\/\/www.metapa.it\/index.php?rest_route=\/wp\/v2\/users\/2"}],"replies":[{"embeddable":true,"href":"https:\/\/www.metapa.it\/index.php?rest_route=%2Fwp%2Fv2%2Fcomments&post=1208"}],"version-history":[{"count":1,"href":"https:\/\/www.metapa.it\/index.php?rest_route=\/wp\/v2\/posts\/1208\/revisions"}],"predecessor-version":[{"id":1209,"href":"https:\/\/www.metapa.it\/index.php?rest_route=\/wp\/v2\/posts\/1208\/revisions\/1209"}],"wp:attachment":[{"href":"https:\/\/www.metapa.it\/index.php?rest_route=%2Fwp%2Fv2%2Fmedia&parent=1208"}],"wp:term":[{"taxonomy":"category","embeddable":true,"href":"https:\/\/www.metapa.it\/index.php?rest_route=%2Fwp%2Fv2%2Fcategories&post=1208"},{"taxonomy":"post_tag","embeddable":true,"href":"https:\/\/www.metapa.it\/index.php?rest_route=%2Fwp%2Fv2%2Ftags&post=1208"}],"curies":[{"name":"wp","href":"https:\/\/api.w.org\/{rel}","templated":true}]}}