{"id":1289,"date":"2025-12-20T09:49:28","date_gmt":"2025-12-20T09:49:28","guid":{"rendered":"https:\/\/www.metapa.it\/?p=1289"},"modified":"2025-12-20T10:04:20","modified_gmt":"2025-12-20T10:04:20","slug":"gal-valle-daosta-manifestazione-di-interesse-attivazione-sportelli-di-sviluppo-locale-local-plus","status":"publish","type":"post","link":"https:\/\/www.metapa.it\/?p=1289","title":{"rendered":"GAL\u00a0Valle d&#8217;Aosta, manifestazione di interesse attivazione Sportelli di Sviluppo Locale &#8220;Local plus&#8221;"},"content":{"rendered":"\n<p class=\"wp-block-paragraph\">l&nbsp;GAL&nbsp;Valle d&#8217;Aosta indice un&nbsp;<strong>avviso pubblico di manifestazione di interesse all&#8217;attivazione degli Sportelli di Sviluppo Locale &#8220;Local plus&#8221;<\/strong>.<br><br>L&#8217;iniziativa \u00e8 rivolta alle&nbsp;<strong>Unit\u00e9s des Communes vald\u00f4taines e al Comune di Aosta<\/strong>&nbsp;e offre la possibilit\u00e0 di attivare gratuitamente presso le proprie sedi uno Sportello, gestito dal personale del&nbsp;GAL, finalizzato a:<br><\/p>\n\n\n\n<ul class=\"wp-block-list\">\n<li>Fornire assistenza ai privati, agli Enti e al loro personale per la presentazione di un progetto o per un supporto nell&#8217;attivit\u00e0 di rendicontazione o di compilazione della modulistica<\/li>\n\n\n\n<li>Promuovere l&#8217;avvio e l&#8217;accompagnamento di nuove progettualit\u00e0<\/li>\n\n\n\n<li>Favorire la collaborazione tra enti e imprese<\/li>\n\n\n\n<li>Organizzare eventuali incontri in presenza rivolti a piccoli gruppi tematici o territoriali, potenziali beneficiari e\/o destinatari dei bandi<\/li>\n<\/ul>\n\n\n\n<p class=\"wp-block-paragraph\">Sar\u00e0 possibile richiedere l&#8217;<strong>attivazione dello Sportello di Sviluppo Locale &#8220;Local plus&#8221;<\/strong>&nbsp;a partire dal 10 dicembre 2025&nbsp;<strong>fino al 30 giugno 2027<\/strong>. Il servizio sar\u00e0 attivo per due mezze giornate al mese fino a dicembre 2027, salvo la possibilit\u00e0 da parte del&nbsp;GAL&nbsp;Valle d&#8217;Aosta di valutare eventuali proroghe.<br><br>Agli Enti che richiederanno l&#8217;attivazione dello Sportello verr\u00e0 richiesto di:<\/p>\n\n\n\n<ul class=\"wp-block-list\">\n<li>Individuare un referente della propria amministrazione che si interfacci con la struttura del\u00a0GAL, fornisca informazioni relativamente allo Sportello e ai servizi offerti e partecipi al corso di formazione che verr\u00e0 proposto dall&#8217;Associazione<\/li>\n\n\n\n<li>Mettere a disposizione gratuitamente uno spazio di lavoro dedicato idoneo ad ospitare lo Sportello di Sviluppo Locale<\/li>\n\n\n\n<li>Collaborare alla promozione dello Sportello, informando la popolazione dell&#8217;Unit\u00e9 tramite il sito istituzionale e i canali informativi dell&#8217;Ente e attraverso affissioni di locandine o flyer forniti dal\u00a0GAL<\/li>\n<\/ul>\n\n\n\n<p class=\"wp-block-paragraph\"><br>La manifestazione d&#8217;interesse dovr\u00e0 essere&nbsp;<strong>presentata utilizzando esclusivamente il modello A di cui al bando<\/strong>&nbsp;e&nbsp;<strong>inviata tramite PEC<\/strong>&nbsp;all&#8217;indirizzo&nbsp;<a href=\"mailto: protocollo@pec.gal.vda.it\"><strong>protocollo@pec.gal.vda.it<\/strong><\/a>, a partire dalle ore 12.00 del giorno 10 dicembre 2025&nbsp;<strong>fino al 30 giugno 2027<\/strong>. Il messaggio dovr\u00e0 recare in oggetto la dicitura &#8220;Manifestazione di interesse all&#8217;attivazione degli Sportelli di Sviluppo Locale&#8221;.<\/p>\n\n\n\n<p class=\"wp-block-paragraph\"><\/p>\n","protected":false},"excerpt":{"rendered":"<p>l&nbsp;GAL&nbsp;Valle d&#8217;Aosta indice un&nbsp;avviso pubblico di manifestazione di interesse all&#8217;attivazione degli Sportelli di Sviluppo Locale &#8220;Local plus&#8221;.L&#8217;iniziativa \u00e8 rivolta alle&nbsp;Unit\u00e9s des Communes vald\u00f4taines e al Comune di Aosta&nbsp;e offre la possibilit\u00e0 di attivare gratuitamente presso le proprie sedi uno Sportello, gestito dal personale del&nbsp;GAL, finalizzato a: Fornire assistenza ai privati, agli Enti e al loro &hellip;<\/p>\n","protected":false},"author":2,"featured_media":1290,"comment_status":"open","ping_status":"open","sticky":false,"template":"","format":"standard","meta":{"footnotes":"","jetpack_publicize_message":"","jetpack_publicize_feature_enabled":true,"jetpack_social_post_already_shared":false,"jetpack_social_options":{"image_generator_settings":{"template":"highway","default_image_id":0,"font":"","enabled":false},"version":2}},"categories":[1,44],"tags":[53,52],"class_list":["post-1289","post","type-post","status-publish","format-standard","has-post-thumbnail","hentry","category-uncategorized","category-rete-gal","tag-gal","tag-rete-rurale-gal"],"jetpack_publicize_connections":[],"_links":{"self":[{"href":"https:\/\/www.metapa.it\/index.php?rest_route=\/wp\/v2\/posts\/1289","targetHints":{"allow":["GET"]}}],"collection":[{"href":"https:\/\/www.metapa.it\/index.php?rest_route=\/wp\/v2\/posts"}],"about":[{"href":"https:\/\/www.metapa.it\/index.php?rest_route=\/wp\/v2\/types\/post"}],"author":[{"embeddable":true,"href":"https:\/\/www.metapa.it\/index.php?rest_route=\/wp\/v2\/users\/2"}],"replies":[{"embeddable":true,"href":"https:\/\/www.metapa.it\/index.php?rest_route=%2Fwp%2Fv2%2Fcomments&post=1289"}],"version-history":[{"count":2,"href":"https:\/\/www.metapa.it\/index.php?rest_route=\/wp\/v2\/posts\/1289\/revisions"}],"predecessor-version":[{"id":1292,"href":"https:\/\/www.metapa.it\/index.php?rest_route=\/wp\/v2\/posts\/1289\/revisions\/1292"}],"wp:featuredmedia":[{"embeddable":true,"href":"https:\/\/www.metapa.it\/index.php?rest_route=\/wp\/v2\/media\/1290"}],"wp:attachment":[{"href":"https:\/\/www.metapa.it\/index.php?rest_route=%2Fwp%2Fv2%2Fmedia&parent=1289"}],"wp:term":[{"taxonomy":"category","embeddable":true,"href":"https:\/\/www.metapa.it\/index.php?rest_route=%2Fwp%2Fv2%2Fcategories&post=1289"},{"taxonomy":"post_tag","embeddable":true,"href":"https:\/\/www.metapa.it\/index.php?rest_route=%2Fwp%2Fv2%2Ftags&post=1289"}],"curies":[{"name":"wp","href":"https:\/\/api.w.org\/{rel}","templated":true}]}}