{"id":1396,"date":"2026-01-19T18:08:04","date_gmt":"2026-01-19T18:08:04","guid":{"rendered":"https:\/\/www.metapa.it\/?p=1396"},"modified":"2026-01-19T18:11:22","modified_gmt":"2026-01-19T18:11:22","slug":"registro-pubblico-dei-crediti-di-carbonio-forestali-seminario-di-informazione-on-line","status":"publish","type":"post","link":"https:\/\/www.metapa.it\/?p=1396","title":{"rendered":"Registro pubblico dei crediti di carbonio forestali, seminario di informazione on-line"},"content":{"rendered":"\n<p class=\"wp-block-paragraph\">Per l&#8217;attivazione e avvio del Registro pubblico dei crediti di carbonio forestali previsto dall&#8217;art. 45 del D.L. n. 13\/2023 \u00e8 previsto, a supporto delle Linee Guida nazionali gi\u00e0 approvate, la predisposizione di un decreto MASAF che definir\u00e0 le procedure e modalit\u00e0 di iscrizione, aggiornamento e controllo dei crediti di carbonio da iscrivere nel Registro. Solo a seguito di tale fase potr\u00e0 essere implementata nell&#8217;ambito del Sistema informativo agricolo nazionale (SIAN) la piattaforma informatica dedicata.<\/p>\n\n\n\n<p class=\"wp-block-paragraph\">Con lo scopo di condividere osservazioni, esigenze e proposte a supporto della futura operativit\u00e0 del Registro, la Rete Rurale&nbsp;PAC&nbsp;(WP.4, Scheda progetto CR 04.07 &#8211; Crediti di carbonio forestali) e il progetto LIFE ClimatePositive promuovono l&#8217;evento&#8221; Verso il Registro pubblico dei crediti di carbonio forestali&#8221; che si svolger\u00e0 il&nbsp;<strong>21 gennaio 2026&nbsp;<\/strong>a&nbsp;<strong>Roma<\/strong>.<\/p>\n\n\n\n<p class=\"wp-block-paragraph\">L&#8217;evento sar\u00e0 l&#8217;occasione per presentare il Report &#8220;Progetti forestali di sostenibilit\u00e0 2023-2024&#8221; del Nucleo di Monitoraggio del Carbonio di CREA, approfondire i contenuti tecnici delle Linee Guida nazionali per la generazione dei crediti di carbonio volontari nel settore forestale e discutere le prospettive per il settore forestale nel contesto normativo attuale.<\/p>\n\n\n\n<p class=\"wp-block-paragraph\">PER ISCRIVERSI GRATUITAMENTE ALLA DIRETTA LIVE <\/p>\n\n\n\n<p class=\"wp-block-paragraph\"><a href=\"https:\/\/www.eventbrite.it\/e\/biglietti-verso-il-registro-pubblico-dei-crediti-di-carbonio-forestali-1979708911647\">https:\/\/www.eventbrite.it\/e\/biglietti-verso-il-registro-pubblico-dei-crediti-di-carbonio-forestali-1979708911647<\/a><\/p>\n\n\n\n<p class=\"wp-block-paragraph\"><\/p>\n","protected":false},"excerpt":{"rendered":"<p>Per l&#8217;attivazione e avvio del Registro pubblico dei crediti di carbonio forestali previsto dall&#8217;art. 45 del D.L. n. 13\/2023 \u00e8 previsto, a supporto delle Linee Guida nazionali gi\u00e0 approvate, la predisposizione di un decreto MASAF che definir\u00e0 le procedure e modalit\u00e0 di iscrizione, aggiornamento e controllo dei crediti di carbonio da iscrivere nel Registro. Solo &hellip;<\/p>\n","protected":false},"author":2,"featured_media":1397,"comment_status":"closed","ping_status":"closed","sticky":false,"template":"","format":"standard","meta":{"footnotes":"","jetpack_publicize_message":"","jetpack_publicize_feature_enabled":true,"jetpack_social_post_already_shared":false,"jetpack_social_options":{"image_generator_settings":{"template":"highway","default_image_id":0,"font":"","enabled":false},"version":2}},"categories":[42,1,19,44,21],"tags":[75,74,52,76,72],"class_list":["post-1396","post","type-post","status-publish","format-standard","has-post-thumbnail","hentry","category-euro-pa","category-uncategorized","category-tie-business","category-rete-gal","category-tie-life-style","tag-masaf","tag-ministero-delle-risorse-agricole-e-forestali","tag-rete-rurale-gal","tag-rete-rurale-pac","tag-sian"],"jetpack_publicize_connections":[],"_links":{"self":[{"href":"https:\/\/www.metapa.it\/index.php?rest_route=\/wp\/v2\/posts\/1396","targetHints":{"allow":["GET"]}}],"collection":[{"href":"https:\/\/www.metapa.it\/index.php?rest_route=\/wp\/v2\/posts"}],"about":[{"href":"https:\/\/www.metapa.it\/index.php?rest_route=\/wp\/v2\/types\/post"}],"author":[{"embeddable":true,"href":"https:\/\/www.metapa.it\/index.php?rest_route=\/wp\/v2\/users\/2"}],"replies":[{"embeddable":true,"href":"https:\/\/www.metapa.it\/index.php?rest_route=%2Fwp%2Fv2%2Fcomments&post=1396"}],"version-history":[{"count":1,"href":"https:\/\/www.metapa.it\/index.php?rest_route=\/wp\/v2\/posts\/1396\/revisions"}],"predecessor-version":[{"id":1398,"href":"https:\/\/www.metapa.it\/index.php?rest_route=\/wp\/v2\/posts\/1396\/revisions\/1398"}],"wp:featuredmedia":[{"embeddable":true,"href":"https:\/\/www.metapa.it\/index.php?rest_route=\/wp\/v2\/media\/1397"}],"wp:attachment":[{"href":"https:\/\/www.metapa.it\/index.php?rest_route=%2Fwp%2Fv2%2Fmedia&parent=1396"}],"wp:term":[{"taxonomy":"category","embeddable":true,"href":"https:\/\/www.metapa.it\/index.php?rest_route=%2Fwp%2Fv2%2Fcategories&post=1396"},{"taxonomy":"post_tag","embeddable":true,"href":"https:\/\/www.metapa.it\/index.php?rest_route=%2Fwp%2Fv2%2Ftags&post=1396"}],"curies":[{"name":"wp","href":"https:\/\/api.w.org\/{rel}","templated":true}]}}