{"id":1407,"date":"2026-01-30T17:52:17","date_gmt":"2026-01-30T17:52:17","guid":{"rendered":"https:\/\/www.metapa.it\/?p=1407"},"modified":"2026-01-30T17:52:18","modified_gmt":"2026-01-30T17:52:18","slug":"rete-locale-cibo-plc-a-perugia-si-parlera-di-dialoghi-sinergie-connessioni","status":"publish","type":"post","link":"https:\/\/www.metapa.it\/?p=1407","title":{"rendered":"Rete locale cibo PLC: a Perugia si parler\u00e0 di dialoghi, sinergie, connessioni"},"content":{"rendered":"\n<p class=\"wp-block-paragraph\">Dal 5 al 7 febbraio si terr\u00e0 a Perugia il 9\u00b0 Incontro della Rete Italiana Politiche Locali del Cibo (Rete PLC), un network di accademici, ricercatori, rappresentanti delle organizzazioni della societ\u00e0 civile e amministratori locali.<br><br>Il titolo dell&#8217;incontro di quest&#8217;anno \u00e8 &#8220;Politiche del cibo fra urbano e rurale: dialoghi, sinergie, connessioni&#8221;, intendendo affrontare il tema cruciale del rapporto fra cibo, territori urbani e territori rurali. \u00c8 infatti importante e urgente riconoscere le connessioni fra il rapporto con il cibo e i luoghi della sua produzione, superare visioni stereotipate e dicotomiche e progettare sistemi alimentari locali cogliendo tutte le esigenze e opportunit\u00e0 di cambiamento.<br><br>In questo contesto, le politiche locali del cibo devono e possono far leva sulle competenze locali per cogliere in maniera unica tanto le opportunit\u00e0 quanto le criticit\u00e0 del proprio contesto e per definire strategie in grado di governare il modo in cui il cibo viene prodotto, distribuito e consumato.<br><br>L&#8217;evento si svilupper\u00e0 su tre giornate di lavori. Durante la mattina della prima giornata (gioved\u00ec 5 febbraio) avranno luogo due key-note speech che affronteranno il tema portando il contributo dell&#8217;economia agraria e il ruolo dell&#8217;agroecologia, in quest&#8217;ultimo caso con una focalizzazione sul contesto argentino. Nel pomeriggio, dopo la relazione introduttiva sulle attivit\u00e0 della Rete PLC nell&#8217;ultimo anno, si susseguiranno due tavole rotonde: la prima ospiter\u00e0 istituzioni ed esperienze locali, mentre la seconda vedr\u00e0 confrontarsi i relatori sul ruolo della Rete PLC nella cooperazione internazionale.<br><br>La seconda giornata (venerd\u00ec 6 febbraio) prevede diversi momenti in sessioni parallele. La mattina si confronteranno contributi di ricerca o esperienziali\/pratici, raccolti tramite una call per abstract. Queste sessioni sono state programmate per dare spazio a un confronto scientifico, basato su evidenze documentate, ma che aprissero anche a coloro che, al di fuori dell&#8217;accademia o della ricerca, agiscono in vario modo per sistemi alimentari locali pi\u00f9 equi, sani, sostenibili. Nel pomeriggio, sono stati programmati diversi seminari a cura dei Tavoli di Lavoro della Rete PLC, che per l&#8217;occasione hanno creato gemellaggi per affrontare temi e sfide comuni.\u00a0<br><br>A conclusione dell&#8217;evento, il sabato si svolger\u00e0 un momento pi\u00f9 conviviale: una passeggiata che culminer\u00e0 con la visita a Bir\u00e0, il mercato di comunit\u00e0 recentemente aperto a Perugia, con il racconto di altre esperienze.<br><br>L&#8217;evento \u00e8 co-organizzato dalla Rete Italiana Politiche Locali del Cibo, dal Dipartimento di Scienze Agrarie Alimentari e Ambientali dell&#8217;Universit\u00e0 di Perugia e dal CREA\/RetePAC. In particolare, l&#8217;evento \u00e8 realizzato grazie al contributo tecnico-scientifico, organizzativo e logistico del WP5, CR 05.11 del Programma RetePAC.<br><br><\/p>\n\n\n\n<p class=\"wp-block-paragraph\"><a href=\"https:\/\/www.reterurale.it\/flex\/cm\/pages\/ServeAttachment.php\/L\/IT\/D\/4%252F4%252Fd%252FD.a031656bc7272599c67b\/P\/BLOB%3AID%3D27139\/E\/pdf\">Scarica il programma&nbsp;(1.77 MB)<\/a><\/p>\n\n\n\n<p class=\"wp-block-paragraph\"><a href=\"https:\/\/www.politichelocalicibo.it\/9-incontro-della-rete-italiana-politiche-locali-del-cibo\/\">Vai alla pagina dell&#8217;evento<\/a><\/p>\n\n\n\n<p class=\"wp-block-paragraph\"><\/p>\n","protected":false},"excerpt":{"rendered":"<p>Dal 5 al 7 febbraio si terr\u00e0 a Perugia il 9\u00b0 Incontro della Rete Italiana Politiche Locali del Cibo (Rete PLC), un network di accademici, ricercatori, rappresentanti delle organizzazioni della societ\u00e0 civile e amministratori locali.Il titolo dell&#8217;incontro di quest&#8217;anno \u00e8 &#8220;Politiche del cibo fra urbano e rurale: dialoghi, sinergie, connessioni&#8221;, intendendo affrontare il tema cruciale &hellip;<\/p>\n","protected":false},"author":2,"featured_media":1408,"comment_status":"closed","ping_status":"closed","sticky":false,"template":"","format":"standard","meta":{"footnotes":"","jetpack_publicize_message":"","jetpack_publicize_feature_enabled":true,"jetpack_social_post_already_shared":false,"jetpack_social_options":{"image_generator_settings":{"template":"highway","default_image_id":0,"font":"","enabled":false},"version":2}},"categories":[20,1,44,21],"tags":[52],"class_list":["post-1407","post","type-post","status-publish","format-standard","has-post-thumbnail","hentry","category-tie-tech","category-uncategorized","category-rete-gal","category-tie-life-style","tag-rete-rurale-gal"],"jetpack_publicize_connections":[],"_links":{"self":[{"href":"https:\/\/www.metapa.it\/index.php?rest_route=\/wp\/v2\/posts\/1407","targetHints":{"allow":["GET"]}}],"collection":[{"href":"https:\/\/www.metapa.it\/index.php?rest_route=\/wp\/v2\/posts"}],"about":[{"href":"https:\/\/www.metapa.it\/index.php?rest_route=\/wp\/v2\/types\/post"}],"author":[{"embeddable":true,"href":"https:\/\/www.metapa.it\/index.php?rest_route=\/wp\/v2\/users\/2"}],"replies":[{"embeddable":true,"href":"https:\/\/www.metapa.it\/index.php?rest_route=%2Fwp%2Fv2%2Fcomments&post=1407"}],"version-history":[{"count":1,"href":"https:\/\/www.metapa.it\/index.php?rest_route=\/wp\/v2\/posts\/1407\/revisions"}],"predecessor-version":[{"id":1409,"href":"https:\/\/www.metapa.it\/index.php?rest_route=\/wp\/v2\/posts\/1407\/revisions\/1409"}],"wp:featuredmedia":[{"embeddable":true,"href":"https:\/\/www.metapa.it\/index.php?rest_route=\/wp\/v2\/media\/1408"}],"wp:attachment":[{"href":"https:\/\/www.metapa.it\/index.php?rest_route=%2Fwp%2Fv2%2Fmedia&parent=1407"}],"wp:term":[{"taxonomy":"category","embeddable":true,"href":"https:\/\/www.metapa.it\/index.php?rest_route=%2Fwp%2Fv2%2Fcategories&post=1407"},{"taxonomy":"post_tag","embeddable":true,"href":"https:\/\/www.metapa.it\/index.php?rest_route=%2Fwp%2Fv2%2Ftags&post=1407"}],"curies":[{"name":"wp","href":"https:\/\/api.w.org\/{rel}","templated":true}]}}