{"id":1542,"date":"2026-03-31T16:58:56","date_gmt":"2026-03-31T16:58:56","guid":{"rendered":"https:\/\/www.metapa.it\/?p=1542"},"modified":"2026-03-31T17:10:50","modified_gmt":"2026-03-31T17:10:50","slug":"rete-pac-e-bio-economia-circolare-evento-informativo-on-line-valorizzazione-degli-scarti-agricoli","status":"publish","type":"post","link":"https:\/\/www.metapa.it\/?p=1542","title":{"rendered":"Rete Pac e bio-economia circolare: evento informativo on-line su valorizzazione degli &#8220;scarti&#8221; agricoli"},"content":{"rendered":"\n<p class=\"wp-block-paragraph\">Si terr\u00e0 il prossimo 16 aprile l&#8217;evento informativo on-line organizzato da CREA, Rete PAC ed ENEA. La Commissione europea, con il Piano Clean Industrial Deal volto ad accelerare la transizione ecologica dell&#8217;industria e a integrare i temi della decarbonizzazione e della reindustrializzazione, ha evidenziato il&nbsp;<strong>ruolo strategico della bioeconomia nel garantire un sistema economico e produttivo competitivo e sostenibile.<\/strong><br><br>La Strategia sulla bioeconomia sostenibile per l&#8217;Europa &#8211; &#8220;Un quadro strategico per una bioeconomia europea competitiva e sostenibile&#8221;, adottata lo scorso novembre dalla Commissione europea, ha l&#8217;intento sia di ridurre la dipendenza dai combustibili fossili e dalle importazioni, che di promuovere la competitivit\u00e0 industriale, la circolarit\u00e0 dei prodotti e una bioeconomia sostenibile entro il 2040 in grado di garantire la neutralit\u00e0 e la resilienza climatica, la protezione e il ripristino della biodiversit\u00e0 e degli ecosistemi, il miglioramento della qualit\u00e0 dell&#8217;aria, l&#8217;efficienza delle risorse e la sicurezza alimentare.<br>Una scelta strategica anche per ridurre la dipendenza dell&#8217;UE&nbsp;da materie prime critiche, come minerali e metalli oggi sempre pi\u00f9 scarsi.<br>La Strategia&nbsp;UE&nbsp;&#8211; che aggiorna la visione del 2012 e le revisioni del 2018 e 2022 &#8211; \u00e8 attualmente sottoposta ad un processo normativo emendativo al fine di adottare ulteriori interventi, tra cui quello concernente l&#8217;impiego dei rifiuti solidi urbani per la produzione di bioprodotti, biomateriali e biofertilizzanti.<br>L&#8217;obiettivo \u00e8 chiaro: rafforzare la domanda e l&#8217;offerta di prodotti bio-based creando un mercato competitivo, circolare e sostenibile.<br><br>Esempi concreti:<\/p>\n\n\n\n<ul class=\"wp-block-list\">\n<li>sottoprodotti e residui agricoli che alimentano filiere agroenergetiche,<\/li>\n\n\n\n<li>bio-prodotti dei processi adoperati come fertilizzanti agricoli (ad es. struvite),<\/li>\n\n\n\n<li>rifiuti solidi urbani come matrice di ingresso negli impianti al fine di originare digestato da rifiuto o bioprodotti,<\/li>\n\n\n\n<li>la combinazione di varie matrici organiche (ad es. digestato e compost, digestato e alghe, digestato e biochar) al fine di sostenere la ricerca applicata e di sviluppare soluzioni innovative.<\/li>\n<\/ul>\n\n\n\n<p class=\"wp-block-paragraph\">Lo sviluppo della bioeconomia deve basarsi su un approvvigionamento sostenibile della biomassa connessa alle caratteristiche territoriali, rispettoso di suoli, acqua, foreste ed ecosistemi.<br>Per questo sar\u00e0 cruciale valorizzare la biomassa secondaria: residui agricoli, sottoprodotti e rifiuti organici e\/o solidi urbani.&nbsp;<br><br>La finalit\u00e0 del&nbsp;<strong>focus group<\/strong>, organizzato nell&#8217;ambito del Programma Rete Nazionale della&nbsp;PAC&nbsp;2025-2027 &#8211; Progetto CR 03.04, \u00e8 quella di analizzare i punti di forza e debolezza della filiera di digestione anaerobica (ad es. la tipologia di matrici in ingresso all&#8217;impianto come la FORSU per la produzione di bioenergia, l&#8217;impiego dei sottoprodotti derivanti in campo agronomico come digestato, struvite), gli incentivi (alla luce del decreto bollette) e le infrastrutture.<br><strong><br><\/strong><br><strong>Iscrizioni tramite compilazione del modulo online entro il 15 aprile 2026.<\/strong><\/p>\n\n\n\n<hr class=\"wp-block-separator has-alpha-channel-opacity\"\/>\n\n\n\n<p class=\"wp-block-paragraph\"><a href=\"https:\/\/www.reterurale.it\/flex\/cm\/pages\/ServeAttachment.php\/L\/IT\/D\/5%252F7%252F2%252FD.b6e2d861fd734cba116b\/P\/BLOB%3AID%3D27350\/E\/pdf\">Scarica il programma&nbsp;(3.35 MB)<\/a><\/p>\n\n\n\n<hr class=\"wp-block-separator has-alpha-channel-opacity\"\/>\n\n\n\n<p class=\"wp-block-paragraph\"><a href=\"https:\/\/www.reterurale.it\/flex\/cm\/pages\/ServeAttachment.php\/L\/IT\/D\/6%252Fe%252Ff%252FD.de000b018d2330e078af\/P\/BLOB%3AID%3D27350\/E\/pdf\">Scarica il save the date&nbsp;(730.81 KB)<\/a><\/p>\n\n\n\n<hr class=\"wp-block-separator has-alpha-channel-opacity\"\/>\n\n\n\n<p class=\"wp-block-paragraph\"><a href=\"https:\/\/forms.gle\/GqUBEzQL6zKKJbaL9\">Iscriviti all&#8217;evento<\/a><\/p>\n\n\n\n<p class=\"wp-block-paragraph\"><\/p>\n","protected":false},"excerpt":{"rendered":"<p>Si terr\u00e0 il prossimo 16 aprile l&#8217;evento informativo on-line organizzato da CREA, Rete PAC ed ENEA. La Commissione europea, con il Piano Clean Industrial Deal volto ad accelerare la transizione ecologica dell&#8217;industria e a integrare i temi della decarbonizzazione e della reindustrializzazione, ha evidenziato il&nbsp;ruolo strategico della bioeconomia nel garantire un sistema economico e produttivo &hellip;<\/p>\n","protected":false},"author":2,"featured_media":1545,"comment_status":"closed","ping_status":"closed","sticky":false,"template":"","format":"standard","meta":{"footnotes":"","jetpack_publicize_message":"","jetpack_publicize_feature_enabled":true,"jetpack_social_post_already_shared":false,"jetpack_social_options":{"image_generator_settings":{"template":"highway","default_image_id":0,"font":"","enabled":false},"version":2}},"categories":[26,20,1,2,44],"tags":[136,135,53,134,52],"class_list":["post-1542","post","type-post","status-publish","format-standard","has-post-thumbnail","hentry","category-energia","category-tie-tech","category-uncategorized","category-tie-world","category-rete-gal","tag-crea","tag-enea","tag-gal","tag-rete-pac","tag-rete-rurale-gal"],"jetpack_publicize_connections":[],"_links":{"self":[{"href":"https:\/\/www.metapa.it\/index.php?rest_route=\/wp\/v2\/posts\/1542","targetHints":{"allow":["GET"]}}],"collection":[{"href":"https:\/\/www.metapa.it\/index.php?rest_route=\/wp\/v2\/posts"}],"about":[{"href":"https:\/\/www.metapa.it\/index.php?rest_route=\/wp\/v2\/types\/post"}],"author":[{"embeddable":true,"href":"https:\/\/www.metapa.it\/index.php?rest_route=\/wp\/v2\/users\/2"}],"replies":[{"embeddable":true,"href":"https:\/\/www.metapa.it\/index.php?rest_route=%2Fwp%2Fv2%2Fcomments&post=1542"}],"version-history":[{"count":2,"href":"https:\/\/www.metapa.it\/index.php?rest_route=\/wp\/v2\/posts\/1542\/revisions"}],"predecessor-version":[{"id":1544,"href":"https:\/\/www.metapa.it\/index.php?rest_route=\/wp\/v2\/posts\/1542\/revisions\/1544"}],"wp:featuredmedia":[{"embeddable":true,"href":"https:\/\/www.metapa.it\/index.php?rest_route=\/wp\/v2\/media\/1545"}],"wp:attachment":[{"href":"https:\/\/www.metapa.it\/index.php?rest_route=%2Fwp%2Fv2%2Fmedia&parent=1542"}],"wp:term":[{"taxonomy":"category","embeddable":true,"href":"https:\/\/www.metapa.it\/index.php?rest_route=%2Fwp%2Fv2%2Fcategories&post=1542"},{"taxonomy":"post_tag","embeddable":true,"href":"https:\/\/www.metapa.it\/index.php?rest_route=%2Fwp%2Fv2%2Ftags&post=1542"}],"curies":[{"name":"wp","href":"https:\/\/api.w.org\/{rel}","templated":true}]}}