{"id":1562,"date":"2026-04-13T11:51:08","date_gmt":"2026-04-13T11:51:08","guid":{"rendered":"https:\/\/www.metapa.it\/?p=1562"},"modified":"2026-04-13T11:52:10","modified_gmt":"2026-04-13T11:52:10","slug":"accademia-rete-pac-ad-aprile-due-iniziative-tematiche-con-studenti-e-imprese-di-puglia-e-lombardia","status":"publish","type":"post","link":"https:\/\/www.metapa.it\/?p=1562","title":{"rendered":"Accademia Rete\u00a0PAC, ad aprile due iniziative tematiche con studenti ed imprese di Puglia e Lombardia"},"content":{"rendered":"\n<p class=\"wp-block-paragraph\">Prende avvio la Fase 2 del percorso di ricerca-azione promosso nell&#8217;ambito delle attivit\u00e0 Accademia Rete\u00a0PAC, con il contributo del\u00a0FEASR\u00a0all&#8217;interno del Programma Rete Nazionale della\u00a0PAC\u00a02025-2027.<br>Il mese di aprile propone due appuntamenti centrali dedicati al confronto tra studenti e imprese agricole, con l&#8217;obiettivo di approfondire modelli produttivi, sfide territoriali e prospettive di sostenibilit\u00e0.                 Il primo incontro sar\u00e0 dedicato alla fase di pianificazione della ricerca-azione.<br>Gli studenti, organizzati in gruppi, \u00abanalizzano i materiali delle aziende assegnate, affinano le chiavi di lettura e formulano le domande da portare nel confronto\u00bb.<br>Parteciperanno 45 studenti del percorso formativo Puglia.<br>Il secondo appuntamento sar\u00e0 un momento di dialogo diretto tra studenti e imprenditori.<br>Le aziende presenteranno la propria realt\u00e0 produttiva e le principali sfide legate ai temi assegnati. Seguir\u00e0 un confronto guidato in cui \u00abstudenti e imprenditori interagiscono attorno alle domande e alle ipotesi elaborate nella fase di laboratorio\u00bb.<br>La sessione si concluder\u00e0 con una sintesi partecipata e la definizione di possibili linee di azione trasferibili ai territori.<br>Parteciperanno 45 studenti del percorso Puglia e 45 studenti del percorso Lombardia come uditori.<br>Materiali e risorse<\/p>\n\n\n\n<p class=\"wp-block-paragraph\">I materiali preparatori delle aziende coinvolte saranno disponibili nel database aziende sul&nbsp;<a href=\"https:\/\/www.accademiaretepac.it\/\">sito di Accademia Rete&nbsp;PAC<\/a>.<\/p>\n\n\n\n<p class=\"wp-block-paragraph\"><\/p>\n","protected":false},"excerpt":{"rendered":"<p>Prende avvio la Fase 2 del percorso di ricerca-azione promosso nell&#8217;ambito delle attivit\u00e0 Accademia Rete\u00a0PAC, con il contributo del\u00a0FEASR\u00a0all&#8217;interno del Programma Rete Nazionale della\u00a0PAC\u00a02025-2027.Il mese di aprile propone due appuntamenti centrali dedicati al confronto tra studenti e imprese agricole, con l&#8217;obiettivo di approfondire modelli produttivi, sfide territoriali e prospettive di sostenibilit\u00e0. Il primo incontro sar\u00e0 &hellip;<\/p>\n","protected":false},"author":2,"featured_media":1563,"comment_status":"closed","ping_status":"closed","sticky":false,"template":"","format":"standard","meta":{"footnotes":"","jetpack_publicize_message":"","jetpack_publicize_feature_enabled":true,"jetpack_social_post_already_shared":false,"jetpack_social_options":{"image_generator_settings":{"template":"highway","default_image_id":0,"font":"","enabled":false},"version":2}},"categories":[1,44,43],"tags":[140,54,134,70],"class_list":["post-1562","post","type-post","status-publish","format-standard","has-post-thumbnail","hentry","category-uncategorized","category-rete-gal","category-scuola-pa","tag-regione-lombardia","tag-regione-puglia","tag-rete-pac","tag-scuola"],"jetpack_publicize_connections":[],"_links":{"self":[{"href":"https:\/\/www.metapa.it\/index.php?rest_route=\/wp\/v2\/posts\/1562","targetHints":{"allow":["GET"]}}],"collection":[{"href":"https:\/\/www.metapa.it\/index.php?rest_route=\/wp\/v2\/posts"}],"about":[{"href":"https:\/\/www.metapa.it\/index.php?rest_route=\/wp\/v2\/types\/post"}],"author":[{"embeddable":true,"href":"https:\/\/www.metapa.it\/index.php?rest_route=\/wp\/v2\/users\/2"}],"replies":[{"embeddable":true,"href":"https:\/\/www.metapa.it\/index.php?rest_route=%2Fwp%2Fv2%2Fcomments&post=1562"}],"version-history":[{"count":3,"href":"https:\/\/www.metapa.it\/index.php?rest_route=\/wp\/v2\/posts\/1562\/revisions"}],"predecessor-version":[{"id":1566,"href":"https:\/\/www.metapa.it\/index.php?rest_route=\/wp\/v2\/posts\/1562\/revisions\/1566"}],"wp:featuredmedia":[{"embeddable":true,"href":"https:\/\/www.metapa.it\/index.php?rest_route=\/wp\/v2\/media\/1563"}],"wp:attachment":[{"href":"https:\/\/www.metapa.it\/index.php?rest_route=%2Fwp%2Fv2%2Fmedia&parent=1562"}],"wp:term":[{"taxonomy":"category","embeddable":true,"href":"https:\/\/www.metapa.it\/index.php?rest_route=%2Fwp%2Fv2%2Fcategories&post=1562"},{"taxonomy":"post_tag","embeddable":true,"href":"https:\/\/www.metapa.it\/index.php?rest_route=%2Fwp%2Fv2%2Ftags&post=1562"}],"curies":[{"name":"wp","href":"https:\/\/api.w.org\/{rel}","templated":true}]}}