{"id":1607,"date":"2026-05-06T01:10:40","date_gmt":"2026-05-06T01:10:40","guid":{"rendered":"https:\/\/www.metapa.it\/?p=1607"},"modified":"2026-05-06T01:10:41","modified_gmt":"2026-05-06T01:10:41","slug":"seminari-territori-rurali-e-cambiamenti-rileggere-corrado-barberis-nuovo-evento-a-roma-presso-la-biblioteca-nigro","status":"publish","type":"post","link":"https:\/\/www.metapa.it\/?p=1607","title":{"rendered":"Seminari &#8220;Territori rurali e cambiamenti. Rileggere Corrado Barberis&#8221;, nuovo evento a Roma presso la biblioteca &#8220;Nigro&#8221;"},"content":{"rendered":"\n<p class=\"wp-block-paragraph\">Gioved\u00ec 14 maggio 2026, dalle ore 15.30 alle 17.30, presso la Biblioteca &#8220;Nigro&#8221; della sede centrale del CREA (Via della Navicella 2, Roma), si terr\u00e0 l&#8217;incontro &#8220;Chi fa l&#8217;agricoltura? Identit\u00e0 imprenditoriali tra tradizione e futuro&#8221;, promosso da INSOR, CREA e Rete&nbsp;PAC.<br><br>Dopo il primo appuntamento dedicato alle trasformazioni dei territori rurali, prosegue il ciclo di seminari &#8220;Territori rurali e cambiamenti. Rileggere Corrado Barberis&#8221;, con un secondo incontro dedicato a uno dei nodi pi\u00f9 rilevanti per comprendere le trasformazioni in atto: i soggetti che oggi fanno agricoltura e le nuove identit\u00e0 imprenditoriali nel settore agricolo.<br><br>Il seminario affronter\u00e0 il tema a partire da una domanda chiave: chi sono oggi gli attori dell&#8217;agricoltura? Non pi\u00f9 soltanto agricoltori in senso tradizionale, ma una pluralit\u00e0 di soggetti economici e sociali che operano nei territori rurali, contribuendo a ridefinirne funzioni, relazioni e prospettive di sviluppo.<br><br>A partire dalla riflessione di Corrado Barberis, l&#8217;appuntamento sar\u00e0 l&#8217;occasione per approfondire l&#8217;evoluzione delle figure che operano nel mondo agricolo, tra nuove competenze, cambiamenti sociali, innovazione, ruolo dei territori e trasformazioni delle imprese agricole italiane.<br><br>Un momento di confronto tra ricerca, istituzioni e professionisti per leggere l&#8217;agricoltura contemporanea oltre gli stereotipi e comprenderne le nuove identit\u00e0.<br><br>La partecipazione d\u00e0 diritto al riconoscimento di crediti formativi professionali CFP per gli iscritti all&#8217;Ordine dei Dottori Agronomi e dei Dottori Forestali, previa iscrizione obbligatoria tramite l&#8217;area riservata del portale SIAF Online.<\/p>\n\n\n\n<hr class=\"wp-block-separator has-alpha-channel-opacity\"\/>\n\n\n\n<p class=\"wp-block-paragraph\"><a href=\"https:\/\/www.reterurale.it\/flex\/cm\/pages\/ServeAttachment.php\/L\/IT\/D\/7%252Fd%252F4%252FD.380c6db1da8fe438b04e\/P\/BLOB%3AID%3D27674\/E\/pdf\">Scarica il programma<\/a><\/p>\n\n\n\n<p class=\"wp-block-paragraph\"><\/p>\n","protected":false},"excerpt":{"rendered":"<p>Gioved\u00ec 14 maggio 2026, dalle ore 15.30 alle 17.30, presso la Biblioteca &#8220;Nigro&#8221; della sede centrale del CREA (Via della Navicella 2, Roma), si terr\u00e0 l&#8217;incontro &#8220;Chi fa l&#8217;agricoltura? Identit\u00e0 imprenditoriali tra tradizione e futuro&#8221;, promosso da INSOR, CREA e Rete&nbsp;PAC.Dopo il primo appuntamento dedicato alle trasformazioni dei territori rurali, prosegue il ciclo di seminari &hellip;<\/p>\n","protected":false},"author":2,"featured_media":1608,"comment_status":"closed","ping_status":"closed","sticky":false,"template":"","format":"standard","meta":{"footnotes":"","jetpack_publicize_message":"","jetpack_publicize_feature_enabled":true,"jetpack_social_post_already_shared":false,"jetpack_social_options":{"image_generator_settings":{"template":"highway","default_image_id":0,"font":"","enabled":false},"version":2}},"categories":[20,1,2,44],"tags":[136,164,134,52,76],"class_list":["post-1607","post","type-post","status-publish","format-standard","has-post-thumbnail","hentry","category-tie-tech","category-uncategorized","category-tie-world","category-rete-gal","tag-crea","tag-insor","tag-rete-pac","tag-rete-rurale-gal","tag-rete-rurale-pac"],"jetpack_publicize_connections":[],"_links":{"self":[{"href":"https:\/\/www.metapa.it\/index.php?rest_route=\/wp\/v2\/posts\/1607","targetHints":{"allow":["GET"]}}],"collection":[{"href":"https:\/\/www.metapa.it\/index.php?rest_route=\/wp\/v2\/posts"}],"about":[{"href":"https:\/\/www.metapa.it\/index.php?rest_route=\/wp\/v2\/types\/post"}],"author":[{"embeddable":true,"href":"https:\/\/www.metapa.it\/index.php?rest_route=\/wp\/v2\/users\/2"}],"replies":[{"embeddable":true,"href":"https:\/\/www.metapa.it\/index.php?rest_route=%2Fwp%2Fv2%2Fcomments&post=1607"}],"version-history":[{"count":1,"href":"https:\/\/www.metapa.it\/index.php?rest_route=\/wp\/v2\/posts\/1607\/revisions"}],"predecessor-version":[{"id":1609,"href":"https:\/\/www.metapa.it\/index.php?rest_route=\/wp\/v2\/posts\/1607\/revisions\/1609"}],"wp:featuredmedia":[{"embeddable":true,"href":"https:\/\/www.metapa.it\/index.php?rest_route=\/wp\/v2\/media\/1608"}],"wp:attachment":[{"href":"https:\/\/www.metapa.it\/index.php?rest_route=%2Fwp%2Fv2%2Fmedia&parent=1607"}],"wp:term":[{"taxonomy":"category","embeddable":true,"href":"https:\/\/www.metapa.it\/index.php?rest_route=%2Fwp%2Fv2%2Fcategories&post=1607"},{"taxonomy":"post_tag","embeddable":true,"href":"https:\/\/www.metapa.it\/index.php?rest_route=%2Fwp%2Fv2%2Ftags&post=1607"}],"curies":[{"name":"wp","href":"https:\/\/api.w.org\/{rel}","templated":true}]}}