{"id":1686,"date":"2026-05-26T13:31:03","date_gmt":"2026-05-26T13:31:03","guid":{"rendered":"https:\/\/www.metapa.it\/?p=1686"},"modified":"2026-05-26T13:31:05","modified_gmt":"2026-05-26T13:31:05","slug":"ricambio-generazionale-nelle-imprese-rurali-valorizzare-i-giovani-sostenere-le-generazioni-piu-mature","status":"publish","type":"post","link":"https:\/\/www.metapa.it\/?p=1686","title":{"rendered":"Ricambio generazionale nelle imprese rurali: valorizzare i giovani, sostenere le generazioni pi\u00f9 mature"},"content":{"rendered":"\n<p class=\"wp-block-paragraph\">Il Rural Pact promuove un webinar dedicato al ricambio generazionale nelle imprese rurali, con un focus su come sostenere i giovani e valorizzare il contributo delle generazioni pi\u00f9 esperte. L&#8217;iniziativa si terr\u00e0 il&nbsp;<strong>10 giugno 2026<\/strong>.<br><br>L&#8217;evento offrir\u00e0 un&#8217;occasione di confronto tra stakeholder europei su temi quali il trasferimento d&#8217;impresa e di competenze, l&#8217;attrazione di giovani talenti nelle aree rurali, il sostegno all&#8217;imprenditorialit\u00e0 (anche femminile) e lo sviluppo di ecosistemi locali inclusivi e innovativi.<br><\/p>\n\n\n\n<p class=\"wp-block-paragraph\"><br>Sono inoltre previsti approfondimenti sulle politiche e sugli strumenti europei a supporto del ricambio generazionale, insieme alla presentazione di esperienze e buone pratiche provenienti da diversi Stati membri.<\/p>\n\n\n\n<p class=\"wp-block-paragraph\"><br><\/p>\n\n\n\n<p class=\"wp-block-paragraph\"><a href=\"https:\/\/ruralpact.rural-vision.europa.eu\/events\/generational-renewal-rural-businesses-empowering-youth-supporting-elders_en\">Maggiori info sul sito Rural Pact<\/a><\/p>\n","protected":false},"excerpt":{"rendered":"<p>Il Rural Pact promuove un webinar dedicato al ricambio generazionale nelle imprese rurali, con un focus su come sostenere i giovani e valorizzare il contributo delle generazioni pi\u00f9 esperte. L&#8217;iniziativa si terr\u00e0 il&nbsp;10 giugno 2026.L&#8217;evento offrir\u00e0 un&#8217;occasione di confronto tra stakeholder europei su temi quali il trasferimento d&#8217;impresa e di competenze, l&#8217;attrazione di giovani talenti &hellip;<\/p>\n","protected":false},"author":2,"featured_media":1687,"comment_status":"closed","ping_status":"closed","sticky":false,"template":"","format":"standard","meta":{"footnotes":"","jetpack_publicize_message":"","jetpack_publicize_feature_enabled":true,"jetpack_social_post_already_shared":true,"jetpack_social_options":{"image_generator_settings":{"template":"highway","default_image_id":0,"font":"","enabled":false},"version":2}},"categories":[42,20,1,2,44],"tags":[52,202],"class_list":["post-1686","post","type-post","status-publish","format-standard","has-post-thumbnail","hentry","category-euro-pa","category-tie-tech","category-uncategorized","category-tie-world","category-rete-gal","tag-rete-rurale-gal","tag-rural-pact"],"jetpack_publicize_connections":[],"_links":{"self":[{"href":"https:\/\/www.metapa.it\/index.php?rest_route=\/wp\/v2\/posts\/1686","targetHints":{"allow":["GET"]}}],"collection":[{"href":"https:\/\/www.metapa.it\/index.php?rest_route=\/wp\/v2\/posts"}],"about":[{"href":"https:\/\/www.metapa.it\/index.php?rest_route=\/wp\/v2\/types\/post"}],"author":[{"embeddable":true,"href":"https:\/\/www.metapa.it\/index.php?rest_route=\/wp\/v2\/users\/2"}],"replies":[{"embeddable":true,"href":"https:\/\/www.metapa.it\/index.php?rest_route=%2Fwp%2Fv2%2Fcomments&post=1686"}],"version-history":[{"count":1,"href":"https:\/\/www.metapa.it\/index.php?rest_route=\/wp\/v2\/posts\/1686\/revisions"}],"predecessor-version":[{"id":1688,"href":"https:\/\/www.metapa.it\/index.php?rest_route=\/wp\/v2\/posts\/1686\/revisions\/1688"}],"wp:featuredmedia":[{"embeddable":true,"href":"https:\/\/www.metapa.it\/index.php?rest_route=\/wp\/v2\/media\/1687"}],"wp:attachment":[{"href":"https:\/\/www.metapa.it\/index.php?rest_route=%2Fwp%2Fv2%2Fmedia&parent=1686"}],"wp:term":[{"taxonomy":"category","embeddable":true,"href":"https:\/\/www.metapa.it\/index.php?rest_route=%2Fwp%2Fv2%2Fcategories&post=1686"},{"taxonomy":"post_tag","embeddable":true,"href":"https:\/\/www.metapa.it\/index.php?rest_route=%2Fwp%2Fv2%2Ftags&post=1686"}],"curies":[{"name":"wp","href":"https:\/\/api.w.org\/{rel}","templated":true}]}}